{"id":1934,"date":"2026-01-22T15:54:21","date_gmt":"2026-01-22T14:54:21","guid":{"rendered":"https:\/\/www.suministroscamara.com\/blog\/?p=1934"},"modified":"2026-01-02T16:04:47","modified_gmt":"2026-01-02T15:04:47","slug":"cual-es-la-temperatura-perfecta-del-hogar-en-invierno","status":"publish","type":"post","link":"https:\/\/www.suministroscamara.com\/blog\/cual-es-la-temperatura-perfecta-del-hogar-en-invierno\/","title":{"rendered":"Temperatura de calefacci\u00f3n en invierno: c\u00f3mo elegir el mejor ajuste para salud y ahorro"},"content":{"rendered":"\n<p>Cuando llega el fr\u00edo, aparece la duda de siempre: <strong>\u00bfa cu\u00e1ntos grados pongo la calefacci\u00f3n?<\/strong> Y ojo, aqu\u00ed no hablamos solo de comodidad: elegir bien la temperatura afecta a <strong>tu salud<\/strong>, a la <strong>humedad del ambiente<\/strong>, al <strong>confort t\u00e9rmico<\/strong>\u2026 y a lo que te cobra la compa\u00f1\u00eda el\u00e9ctrica o el gas.<\/p>\n\n\n\n<p>En esta gu\u00eda vamos a ir al grano: cu\u00e1l es la <strong>temperatura ideal del hogar en invierno<\/strong>, c\u00f3mo ajustarla <strong>seg\u00fan la estancia<\/strong>, qu\u00e9 h\u00e1bitos ayudan a <strong>ahorrar energ\u00eda<\/strong> y qu\u00e9 soluciones de ferreter\u00eda\/climatizaci\u00f3n te lo ponen m\u00e1s f\u00e1cil. Si quieres ver opciones y repuestos para el d\u00eda a d\u00eda, p\u00e1sate por la <strong><a href=\"https:\/\/www.suministroscamara.com\/\">tienda de Suministros C\u00e1mara<\/a><\/strong>. <\/p>\n\n\n\n<hr class=\"wp-block-separator has-alpha-channel-opacity\"\/>\n\n\n\n<p>Lo t\u00edpico es pensar: \u201csi tengo fr\u00edo, subo grados y listo\u201d. Pero en la pr\u00e1ctica, mantener la calefacci\u00f3n demasiado alta suele traer cuatro consecuencias:<\/p>\n\n\n\n<ul class=\"wp-block-list\">\n<li><strong>M\u00e1s gasto<\/strong>: cada grado extra se nota en el consumo.<\/li>\n\n\n\n<li><strong>Menos confort real<\/strong>: el cuerpo se acostumbra y terminas \u201cpersiguiendo\u201d el calor.<\/li>\n\n\n\n<li><strong>Ambiente m\u00e1s seco<\/strong>: puede empeorar garganta, piel y sensaci\u00f3n de bochorno.<\/li>\n\n\n\n<li><strong>M\u00e1s contraste t\u00e9rmico<\/strong>: salir al exterior se hace m\u00e1s duro y el cuerpo lo nota.<\/li>\n<\/ul>\n\n\n\n<p>La clave es buscar un punto equilibrado: <strong>confort + eficiencia + salud<\/strong>. Y eso se consigue m\u00e1s con ajustes inteligentes que con \u201cponerlo a 24 \u00b0C y ya\u201d.<\/p>\n\n\n\n<h2 class=\"wp-block-heading\">\u00bfCu\u00e1l es la temperatura ideal del hogar en invierno?<\/h2>\n\n\n\n<p>Vamos a los n\u00fameros (los que de verdad te sirven):<\/p>\n\n\n\n<figure class=\"wp-block-table\"><table class=\"has-fixed-layout\"><thead><tr><th>Momento del d\u00eda<\/th><th class=\"has-text-align-right\" data-align=\"right\">Rango recomendado<\/th><th>Objetivo<\/th><\/tr><\/thead><tbody><tr><td>D\u00eda (cuando hay actividad)<\/td><td class=\"has-text-align-right\" data-align=\"right\"><strong>19\u201321 \u00b0C<\/strong><\/td><td>confort sin derroche<\/td><\/tr><tr><td>Noche (para dormir)<\/td><td class=\"has-text-align-right\" data-align=\"right\"><strong>15\u201318 \u00b0C<\/strong><\/td><td>mejor descanso y menor consumo<\/td><\/tr><\/tbody><\/table><\/figure>\n\n\n\n<p><strong>Esto no es una ley universal<\/strong>, pero s\u00ed un rango muy s\u00f3lido para la mayor\u00eda de hogares. A partir de ah\u00ed, ajustas por estilo de vida (teletrabajo, beb\u00e9s, personas mayores, etc.).<\/p>\n\n\n\n<blockquote class=\"wp-block-quote is-layout-flow wp-block-quote-is-layout-flow\">\n<p>Truco r\u00e1pido: si est\u00e1s en manga corta en pleno invierno dentro de casa, probablemente est\u00e1s pagando \u201ccalor de m\u00e1s\u201d.<\/p>\n<\/blockquote>\n\n\n\n<h2 class=\"wp-block-heading\">La temperatura ideal por estancias (porque no toda la casa necesita lo mismo)<\/h2>\n\n\n\n<p>Aqu\u00ed es donde se gana mucho sin dramas. <strong>Calentar por zonas<\/strong> (o al menos <em>pensar por zonas<\/em>) funciona.<\/p>\n\n\n\n<h3 class=\"wp-block-heading\">Sal\u00f3n y zonas de estar<\/h3>\n\n\n\n<p>Suele ser donde m\u00e1s tiempo pasamos despiertos.<\/p>\n\n\n\n<ul class=\"wp-block-list\">\n<li>Recomendaci\u00f3n: <strong>20\u201321 \u00b0C<\/strong><\/li>\n\n\n\n<li>Consejo: evita tapar radiadores con sof\u00e1s\/cortinas; pierdes rendimiento.<\/li>\n<\/ul>\n\n\n\n<h3 class=\"wp-block-heading\">Dormitorios<\/h3>\n\n\n\n<p>Dormir con demasiado calor suele empeorar el descanso.<\/p>\n\n\n\n<ul class=\"wp-block-list\">\n<li>Recomendaci\u00f3n: <strong>16\u201318 \u00b0C<\/strong><\/li>\n\n\n\n<li>Mejor estrategia: buena ropa de cama + bajar calefacci\u00f3n.<\/li>\n<\/ul>\n\n\n\n<h3 class=\"wp-block-heading\">Ba\u00f1o<\/h3>\n\n\n\n<p>Aqu\u00ed s\u00ed tiene sentido subir algo\u2026 pero <strong>solo cuando se usa<\/strong>.<\/p>\n\n\n\n<ul class=\"wp-block-list\">\n<li>Recomendaci\u00f3n puntual: <strong>21\u201322 \u00b0C<\/strong><\/li>\n\n\n\n<li>Tip: temporiza o enciende solo en momentos concretos.<\/li>\n<\/ul>\n\n\n\n<h3 class=\"wp-block-heading\">Pasillos y habitaciones poco usadas<\/h3>\n\n\n\n<ul class=\"wp-block-list\">\n<li>Recomendaci\u00f3n: no hace falta calentar \u201ccomo el sal\u00f3n\u201d.<\/li>\n\n\n\n<li>Mant\u00e9n una temperatura m\u00ednima para evitar <strong>condensaci\u00f3n y humedad<\/strong>.<\/li>\n<\/ul>\n\n\n\n<p>Si tu casa se calienta con estufa (le\u00f1a\/pellet), te interesa tener muy claro el tema de instalaci\u00f3n y evacuaci\u00f3n de humos, sobre todo con la <a href=\"https:\/\/www.suministroscamara.com\/blog\/como-elegir-tubos-de-estufa\/\">elecci\u00f3n de tubos de estufa<\/a>.<\/p>\n\n\n\n<h2 class=\"wp-block-heading\">Ajustes que bajan la factura sin que pases fr\u00edo<\/h2>\n\n\n\n<p>Aqu\u00ed van medidas simples, con impacto real:<\/p>\n\n\n\n<ol class=\"wp-block-list\">\n<li><strong>No calientes aire que no usas<\/strong>: baja el termostato si sales o si no est\u00e1s en la zona.<\/li>\n\n\n\n<li><strong>Programa horarios<\/strong>: calienta antes de usar, no durante todo el d\u00eda.<\/li>\n\n\n\n<li><strong>Ventila 10 minutos<\/strong> (mejor por la ma\u00f1ana): m\u00e1s tiempo = pierdes calor acumulado.<\/li>\n\n\n\n<li><strong>Baja 1 \u00b0C<\/strong> y prueba 3 d\u00edas: suele ser el cambio con mejor relaci\u00f3n \u201cahorro \/ confort\u201d.<\/li>\n<\/ol>\n\n\n\n<h3 class=\"wp-block-heading\">Mini check de confort (para no enga\u00f1arte)<\/h3>\n\n\n\n<ul class=\"wp-block-list\">\n<li>Si tienes <strong>pies fr\u00edos<\/strong> pero la cabeza caliente \u2192 suele ser mala distribuci\u00f3n del calor.<\/li>\n\n\n\n<li>Si el ambiente \u201cpica\u201d en garganta \u2192 probablemente est\u00e1 demasiado seco o demasiado caliente.<\/li>\n\n\n\n<li>Si hay condensaci\u00f3n en ventanas \u2192 revisa <strong>humedad<\/strong>, ventilaci\u00f3n y aislamiento.<\/li>\n<\/ul>\n\n\n\n<p>Para quienes usan biomasa y quieren optimizar costes, igual te interesa investigar sobre <a href=\"https:\/\/www.suministroscamara.com\/blog\/pellets-alternativa-barata\/\">los pellets<\/a>. <\/p>\n\n\n\n<h2 class=\"wp-block-heading\">Lo que casi nadie mira: humedad y aislamiento<\/h2>\n\n\n\n<p>Puedes tener la calefacci\u00f3n \u201cperfecta\u201d y aun as\u00ed sentir fr\u00edo si hay:<\/p>\n\n\n\n<ul class=\"wp-block-list\">\n<li><strong>Fugas de aire<\/strong> en ventanas\/puertas<\/li>\n\n\n\n<li><strong>Humedad alta<\/strong> (sensaci\u00f3n m\u00e1s fr\u00eda)<\/li>\n\n\n\n<li><strong>Aislamiento pobre<\/strong> (el calor se escapa)<\/li>\n<\/ul>\n\n\n\n<h3 class=\"wp-block-heading\">Objetivo de humedad interior<\/h3>\n\n\n\n<ul class=\"wp-block-list\">\n<li>Rango c\u00f3modo: <strong>40\u201360%<\/strong> (aprox.)<\/li>\n\n\n\n<li>Si baja mucho: ambiente seco, irritaci\u00f3n.<\/li>\n\n\n\n<li>Si sube mucho: sensaci\u00f3n fr\u00eda, condensaci\u00f3n, riesgo de moho.<\/li>\n<\/ul>\n\n\n\n<p>No hace falta montar una obra. A veces, el ahorro est\u00e1 en lo b\u00e1sico:<\/p>\n\n\n\n<ul class=\"wp-block-list\">\n<li>burletes o sellados<\/li>\n\n\n\n<li>cortinas t\u00e9rmicas<\/li>\n\n\n\n<li>revisar cierres de ventanas<\/li>\n\n\n\n<li>puertas bien ajustadas<\/li>\n<\/ul>\n\n\n\n<p>Y si tienes climatizaci\u00f3n auxiliar o quieres entender c\u00f3mo se relaciona temperatura\/humedad\/ventilaci\u00f3n, aqu\u00ed tienes un post muy \u00fatil del blog donde hablamos sobre la <a href=\"https:\/\/www.suministroscamara.com\/blog\/escoger-ventilacion-o-climatizacion\/\">climatizaci\u00f3n y la ventilaci\u00f3n<\/a>. <\/p>\n\n\n\n<h2 class=\"wp-block-heading\">Soluciones pr\u00e1cticas de ahorro energ\u00e9tico que puedes aplicar ya<\/h2>\n\n\n\n<p>Te dejo una lista corta, de las que se hacen y se notan:<\/p>\n\n\n\n<ul class=\"wp-block-list\">\n<li><strong>Sella entradas de aire<\/strong> (caja de persiana, marcos, bajo puerta).<\/li>\n\n\n\n<li>Coloca alfombras en zonas fr\u00edas: ayudan m\u00e1s de lo que parece.<\/li>\n\n\n\n<li><strong>Purga radiadores<\/strong> si notas que calientan irregular.<\/li>\n\n\n\n<li>Mant\u00e9n despejadas las fuentes de calor.<\/li>\n\n\n\n<li>Si usas estufa, revisa piezas\/acc. del circuito de humos (seguridad + eficiencia).<\/li>\n<\/ul>\n\n\n\n<p>Si quieres calentar un espacio concreto (taller, garaje o estancia puntual) sin calentar toda la casa, un recurso t\u00edpico es un <a href=\"https:\/\/www.suministroscamara.com\/termoventiladores\/23770-termoventilador-industrial.html\">termoventilador<\/a>. <\/p>\n\n\n\n<p>Y si tienes estufa y est\u00e1s ajustando instalaci\u00f3n o cambiando accesorios, un ejemplo de pieza espec\u00edfica ser\u00eda <a href=\"https:\/\/www.suministroscamara.com\/tubos-calefaccion\/29040-te-estufa-vitrificada-150mm-90.html\">la estufa tipo \u201cT\u201d vitrificada<\/a>. <\/p>\n\n\n\n<h2 class=\"wp-block-heading\">\u00bfEs mala idea tener siempre la misma temperatura alta?<\/h2>\n\n\n\n<p>Suele serlo, por consumo y por confort real. Mejor: <strong>temperatura estable dentro del rango<\/strong> y ajustes por horarios.<\/p>\n\n\n\n<h2 class=\"wp-block-heading\">\u00bfCu\u00e1nto se ahorra bajando un grado?<\/h2>\n\n\n\n<p>Como referencia general, <strong>bajar 1 \u00b0C<\/strong> suele suponer un ahorro apreciable. El porcentaje exacto depende de vivienda, aislamiento y sistema, pero es una de las medidas m\u00e1s eficientes y f\u00e1ciles.<\/p>\n\n\n\n<h2 class=\"wp-block-heading\">\u00bfY si hay beb\u00e9s o personas mayores?<\/h2>\n\n\n\n<p>Ah\u00ed prioriza confort y salud: mant\u00e9n el rango diurno en la parte alta (20\u201321 \u00b0C) y evita cambios bruscos. Tambi\u00e9n cuida la <strong>humedad<\/strong>.<\/p>\n\n\n\n<h2 class=\"wp-block-heading\">\u00bfQu\u00e9 hago si noto fr\u00edo aunque el termostato marque 21 \u00b0C?<\/h2>\n\n\n\n<p>Piensa en:<\/p>\n\n\n\n<ul class=\"wp-block-list\">\n<li>fugas de aire<\/li>\n\n\n\n<li>humedad alta<\/li>\n\n\n\n<li>mala distribuci\u00f3n del calor<\/li>\n\n\n\n<li>ropa inadecuada para estar en casa (s\u00ed, pasa)<br>A veces el problema no son los grados, sino <strong>la sensaci\u00f3n t\u00e9rmica<\/strong>.<\/li>\n<\/ul>\n\n\n\n<p>La <strong>temperatura ideal del hogar en invierno<\/strong> no consiste en ir \u201ca tope\u201d con la calefacci\u00f3n. Lo inteligente es encontrar el punto donde est\u00e1s bien (normalmente <strong>19\u201321 \u00b0C de d\u00eda<\/strong> y <strong>15\u201318 \u00b0C de noche<\/strong>) y reforzarlo con h\u00e1bitos y peque\u00f1as mejoras: sellado, ventilaci\u00f3n corta, control por estancias y mantenimiento.<\/p>\n\n\n\n<p>Si te apetece equiparte para hacerlo f\u00e1cil, entra en nuestra secci\u00f3n de <a href=\"https:\/\/www.suministroscamara.com\/2222-estufas\">estufas y soluciones de calefacci\u00f3n<\/a>.<\/p>\n\n\n\n<p>Y si vas a hacer mejoras en casa (sellados, soportes, peque\u00f1as fijaciones), tener claro qu\u00e9 herramienta te conviene tambi\u00e9n ahorra tiempo y chapuzas. Aqu\u00ed hablamos sobre las <a href=\"https:\/\/www.suministroscamara.com\/blog\/taladro-vs-atornillador-cual-usar\/\">diferencias entre un taladro y un atornillador<\/a>. <\/p>\n\n\n\n<p>\u00bfTienes dudas? P\u00e9ganos un toque o vis\u00edtanos en la <a href=\"https:\/\/share.google\/Yb1g4KBcixDlvnQcq\">tienda f\u00edsica de Suministros C\u00e1mara<\/a>. \u00a1Te esperamos!<\/p>\n","protected":false},"excerpt":{"rendered":"<p>Aprende c\u00f3mo ajustar tu calefacci\u00f3n en invierno entre 19 \u00b0C y 21 \u00b0C, con consejos pr\u00e1cticos para reducir consumo sin perder confort.<\/p>\n","protected":false},"author":6,"featured_media":1935,"comment_status":"closed","ping_status":"closed","sticky":false,"template":"","format":"standard","meta":{"footnotes":""},"categories":[10],"tags":[],"class_list":["post-1934","post","type-post","status-publish","format-standard","has-post-thumbnail","hentry","category-invierno"],"yoast_head":"<!-- This site is optimized with the Yoast SEO plugin v26.4 - https:\/\/yoast.com\/wordpress\/plugins\/seo\/ -->\n<title>\u00bfCu\u00e1l es la temperatura ideal del hogar en invierno? - Blog Suministros C\u00e1mara<\/title>\n<meta name=\"description\" content=\"Aprende c\u00f3mo ajustar tu calefacci\u00f3n en invierno entre 19 \u00b0C y 21 \u00b0C, con consejos pr\u00e1cticos para reducir consumo sin perder confort.\" \/>\n<meta name=\"robots\" content=\"index, follow, max-snippet:-1, max-image-preview:large, max-video-preview:-1\" \/>\n<link rel=\"canonical\" href=\"https:\/\/www.suministroscamara.com\/blog\/cual-es-la-temperatura-perfecta-del-hogar-en-invierno\/\" \/>\n<meta property=\"og:locale\" content=\"es_ES\" \/>\n<meta property=\"og:type\" content=\"article\" \/>\n<meta property=\"og:title\" content=\"\u00bfCu\u00e1l es la temperatura ideal del hogar en invierno? - Blog Suministros C\u00e1mara\" \/>\n<meta property=\"og:description\" content=\"Aprende c\u00f3mo ajustar tu calefacci\u00f3n en invierno entre 19 \u00b0C y 21 \u00b0C, con consejos pr\u00e1cticos para reducir consumo sin perder confort.\" \/>\n<meta property=\"og:url\" content=\"https:\/\/www.suministroscamara.com\/blog\/cual-es-la-temperatura-perfecta-del-hogar-en-invierno\/\" \/>\n<meta property=\"og:site_name\" content=\"Suministros C\u00e1mara\" \/>\n<meta property=\"article:published_time\" content=\"2026-01-22T14:54:21+00:00\" \/>\n<meta property=\"og:image\" content=\"https:\/\/www.suministroscamara.com\/blog\/wp-content\/uploads\/2026\/01\/calefaccion-temperatura-ideal-invierno.jpg\" \/>\n\t<meta property=\"og:image:width\" content=\"612\" \/>\n\t<meta property=\"og:image:height\" content=\"408\" \/>\n\t<meta property=\"og:image:type\" content=\"image\/jpeg\" \/>\n<meta name=\"author\" content=\"soporte\" \/>\n<meta name=\"twitter:card\" content=\"summary_large_image\" \/>\n<meta name=\"twitter:label1\" content=\"Escrito por\" \/>\n\t<meta name=\"twitter:data1\" content=\"soporte\" \/>\n\t<meta name=\"twitter:label2\" content=\"Tiempo de lectura\" \/>\n\t<meta name=\"twitter:data2\" content=\"5 minutos\" \/>\n<!-- \/ Yoast SEO plugin. -->","yoast_head_json":{"title":"\u00bfCu\u00e1l es la temperatura ideal del hogar en invierno? - Blog Suministros C\u00e1mara","description":"Aprende c\u00f3mo ajustar tu calefacci\u00f3n en invierno entre 19 \u00b0C y 21 \u00b0C, con consejos pr\u00e1cticos para reducir consumo sin perder confort.","robots":{"index":"index","follow":"follow","max-snippet":"max-snippet:-1","max-image-preview":"max-image-preview:large","max-video-preview":"max-video-preview:-1"},"canonical":"https:\/\/www.suministroscamara.com\/blog\/cual-es-la-temperatura-perfecta-del-hogar-en-invierno\/","og_locale":"es_ES","og_type":"article","og_title":"\u00bfCu\u00e1l es la temperatura ideal del hogar en invierno? - Blog Suministros C\u00e1mara","og_description":"Aprende c\u00f3mo ajustar tu calefacci\u00f3n en invierno entre 19 \u00b0C y 21 \u00b0C, con consejos pr\u00e1cticos para reducir consumo sin perder confort.","og_url":"https:\/\/www.suministroscamara.com\/blog\/cual-es-la-temperatura-perfecta-del-hogar-en-invierno\/","og_site_name":"Suministros C\u00e1mara","article_published_time":"2026-01-22T14:54:21+00:00","og_image":[{"width":612,"height":408,"url":"https:\/\/www.suministroscamara.com\/blog\/wp-content\/uploads\/2026\/01\/calefaccion-temperatura-ideal-invierno.jpg","type":"image\/jpeg"}],"author":"soporte","twitter_card":"summary_large_image","twitter_misc":{"Escrito por":"soporte","Tiempo de lectura":"5 minutos"},"schema":{"@context":"https:\/\/schema.org","@graph":[{"@type":"NewsArticle","@id":"https:\/\/www.suministroscamara.com\/blog\/cual-es-la-temperatura-perfecta-del-hogar-en-invierno\/#article","isPartOf":{"@id":"https:\/\/www.suministroscamara.com\/blog\/cual-es-la-temperatura-perfecta-del-hogar-en-invierno\/"},"author":{"name":"soporte","@id":"https:\/\/www.suministroscamara.com\/blog\/#\/schema\/person\/204974cdc82cf6cc5d735c9b4115a006"},"headline":"Temperatura de calefacci\u00f3n en invierno: c\u00f3mo elegir el mejor ajuste para salud y ahorro","datePublished":"2026-01-22T14:54:21+00:00","mainEntityOfPage":{"@id":"https:\/\/www.suministroscamara.com\/blog\/cual-es-la-temperatura-perfecta-del-hogar-en-invierno\/"},"wordCount":1188,"publisher":{"@id":"https:\/\/www.suministroscamara.com\/blog\/#organization"},"image":{"@id":"https:\/\/www.suministroscamara.com\/blog\/cual-es-la-temperatura-perfecta-del-hogar-en-invierno\/#primaryimage"},"thumbnailUrl":"https:\/\/www.suministroscamara.com\/blog\/wp-content\/uploads\/2026\/01\/calefaccion-temperatura-ideal-invierno.jpg","articleSection":["Invierno"],"inLanguage":"es"},{"@type":["WebPage","ItemPage"],"@id":"https:\/\/www.suministroscamara.com\/blog\/cual-es-la-temperatura-perfecta-del-hogar-en-invierno\/","url":"https:\/\/www.suministroscamara.com\/blog\/cual-es-la-temperatura-perfecta-del-hogar-en-invierno\/","name":"\u00bfCu\u00e1l es la temperatura ideal del hogar en invierno? - Blog Suministros C\u00e1mara","isPartOf":{"@id":"https:\/\/www.suministroscamara.com\/blog\/#website"},"primaryImageOfPage":{"@id":"https:\/\/www.suministroscamara.com\/blog\/cual-es-la-temperatura-perfecta-del-hogar-en-invierno\/#primaryimage"},"image":{"@id":"https:\/\/www.suministroscamara.com\/blog\/cual-es-la-temperatura-perfecta-del-hogar-en-invierno\/#primaryimage"},"thumbnailUrl":"https:\/\/www.suministroscamara.com\/blog\/wp-content\/uploads\/2026\/01\/calefaccion-temperatura-ideal-invierno.jpg","datePublished":"2026-01-22T14:54:21+00:00","description":"Aprende c\u00f3mo ajustar tu calefacci\u00f3n en invierno entre 19 \u00b0C y 21 \u00b0C, con consejos pr\u00e1cticos para reducir consumo sin perder confort.","breadcrumb":{"@id":"https:\/\/www.suministroscamara.com\/blog\/cual-es-la-temperatura-perfecta-del-hogar-en-invierno\/#breadcrumb"},"inLanguage":"es","potentialAction":[{"@type":"ReadAction","target":["https:\/\/www.suministroscamara.com\/blog\/cual-es-la-temperatura-perfecta-del-hogar-en-invierno\/"]}]},{"@type":"ImageObject","inLanguage":"es","@id":"https:\/\/www.suministroscamara.com\/blog\/cual-es-la-temperatura-perfecta-del-hogar-en-invierno\/#primaryimage","url":"https:\/\/www.suministroscamara.com\/blog\/wp-content\/uploads\/2026\/01\/calefaccion-temperatura-ideal-invierno.jpg","contentUrl":"https:\/\/www.suministroscamara.com\/blog\/wp-content\/uploads\/2026\/01\/calefaccion-temperatura-ideal-invierno.jpg","width":612,"height":408,"caption":"calefaccion temperatura ideal invierno"},{"@type":"BreadcrumbList","@id":"https:\/\/www.suministroscamara.com\/blog\/cual-es-la-temperatura-perfecta-del-hogar-en-invierno\/#breadcrumb","itemListElement":[{"@type":"ListItem","position":1,"name":"Portada","item":"https:\/\/www.suministroscamara.com\/blog\/"},{"@type":"ListItem","position":2,"name":"Invierno","item":"https:\/\/www.suministroscamara.com\/blog\/category\/invierno\/"},{"@type":"ListItem","position":3,"name":"Temperatura de calefacci\u00f3n en invierno: c\u00f3mo elegir el mejor ajuste para salud y ahorro"}]},{"@type":"WebSite","@id":"https:\/\/www.suministroscamara.com\/blog\/#website","url":"https:\/\/www.suministroscamara.com\/blog\/","name":"Suministros C\u00e1mara","description":"Suministros C\u00e1mara, todo para el campo y jard\u00edn","publisher":{"@id":"https:\/\/www.suministroscamara.com\/blog\/#organization"},"potentialAction":[{"@type":"SearchAction","target":{"@type":"EntryPoint","urlTemplate":"https:\/\/www.suministroscamara.com\/blog\/?s={search_term_string}"},"query-input":{"@type":"PropertyValueSpecification","valueRequired":true,"valueName":"search_term_string"}}],"inLanguage":"es"},{"@type":"Organization","@id":"https:\/\/www.suministroscamara.com\/blog\/#organization","name":"Suministros C\u00e1mara","url":"https:\/\/www.suministroscamara.com\/blog\/","logo":{"@type":"ImageObject","inLanguage":"es","@id":"https:\/\/www.suministroscamara.com\/blog\/#\/schema\/logo\/image\/","url":"https:\/\/www.suministroscamara.com\/blog\/wp-content\/uploads\/2022\/06\/Perfil.png","contentUrl":"https:\/\/www.suministroscamara.com\/blog\/wp-content\/uploads\/2022\/06\/Perfil.png","width":1080,"height":1080,"caption":"Suministros C\u00e1mara"},"image":{"@id":"https:\/\/www.suministroscamara.com\/blog\/#\/schema\/logo\/image\/"}},{"@type":"Person","@id":"https:\/\/www.suministroscamara.com\/blog\/#\/schema\/person\/204974cdc82cf6cc5d735c9b4115a006","name":"soporte","image":{"@type":"ImageObject","inLanguage":"es","@id":"https:\/\/www.suministroscamara.com\/blog\/#\/schema\/person\/image\/","url":"https:\/\/secure.gravatar.com\/avatar\/08b7a897619d873f2b62acf80cd43e82f2bf203b6d2ef9553dff299c798af499?s=96&d=mm&r=g","contentUrl":"https:\/\/secure.gravatar.com\/avatar\/08b7a897619d873f2b62acf80cd43e82f2bf203b6d2ef9553dff299c798af499?s=96&d=mm&r=g","caption":"soporte"}}]}},"_links":{"self":[{"href":"https:\/\/www.suministroscamara.com\/blog\/wp-json\/wp\/v2\/posts\/1934","targetHints":{"allow":["GET"]}}],"collection":[{"href":"https:\/\/www.suministroscamara.com\/blog\/wp-json\/wp\/v2\/posts"}],"about":[{"href":"https:\/\/www.suministroscamara.com\/blog\/wp-json\/wp\/v2\/types\/post"}],"author":[{"embeddable":true,"href":"https:\/\/www.suministroscamara.com\/blog\/wp-json\/wp\/v2\/users\/6"}],"replies":[{"embeddable":true,"href":"https:\/\/www.suministroscamara.com\/blog\/wp-json\/wp\/v2\/comments?post=1934"}],"version-history":[{"count":1,"href":"https:\/\/www.suministroscamara.com\/blog\/wp-json\/wp\/v2\/posts\/1934\/revisions"}],"predecessor-version":[{"id":1936,"href":"https:\/\/www.suministroscamara.com\/blog\/wp-json\/wp\/v2\/posts\/1934\/revisions\/1936"}],"wp:featuredmedia":[{"embeddable":true,"href":"https:\/\/www.suministroscamara.com\/blog\/wp-json\/wp\/v2\/media\/1935"}],"wp:attachment":[{"href":"https:\/\/www.suministroscamara.com\/blog\/wp-json\/wp\/v2\/media?parent=1934"}],"wp:term":[{"taxonomy":"category","embeddable":true,"href":"https:\/\/www.suministroscamara.com\/blog\/wp-json\/wp\/v2\/categories?post=1934"},{"taxonomy":"post_tag","embeddable":true,"href":"https:\/\/www.suministroscamara.com\/blog\/wp-json\/wp\/v2\/tags?post=1934"}],"curies":[{"name":"wp","href":"https:\/\/api.w.org\/{rel}","templated":true}]}}